{"id":169,"count":13,"description":"","link":"https:\/\/alameda.institute\/pt\/alameda-themes\/transition-and-ecological-politics\/","name":"Transi\u00e7\u00e3o e pol\u00edtica ecol\u00f3gica","slug":"transicao-e-politica-ecologica","taxonomy":"alameda-themes","parent":0,"meta":[],"_links":{"self":[{"href":"https:\/\/alameda.institute\/pt\/wp-json\/wp\/v2\/alameda-themes\/169","targetHints":{"allow":["GET"]}}],"collection":[{"href":"https:\/\/alameda.institute\/pt\/wp-json\/wp\/v2\/alameda-themes"}],"about":[{"href":"https:\/\/alameda.institute\/pt\/wp-json\/wp\/v2\/taxonomies\/alameda-themes"}],"wp:post_type":[{"href":"https:\/\/alameda.institute\/pt\/wp-json\/wp\/v2\/posts?alameda-themes=169"}],"curies":[{"name":"wp","href":"https:\/\/api.w.org\/{rel}","templated":true}]}}