{"id":8472,"date":"2024-07-11T12:21:19","date_gmt":"2024-07-11T12:21:19","guid":{"rendered":"https:\/\/alameda.institute\/?p=8472"},"modified":"2026-02-10T20:46:38","modified_gmt":"2026-02-10T20:46:38","slug":"o-mundo-esta-falhando-com-as-criancas-palestinas","status":"publish","type":"post","link":"https:\/\/alameda.institute\/pt\/type-article\/the-world-is-failing-palestinian-children\/","title":{"rendered":"O mundo est\u00e1 falhando com as crian\u00e7as palestinas"},"content":{"rendered":"<div class=\"wp-block-post-date has-small-font-size\"><time datetime=\"2024-07-11T12:21:19+00:00\">11 de julho de 2024<\/time><\/div>\n\n\n<div style=\"height:24px\" aria-hidden=\"true\" class=\"wp-block-spacer\"><\/div>\n\n\n\n<h4 class=\"wp-block-heading\">Quase um s\u00e9culo ap\u00f3s a primeira declara\u00e7\u00e3o dos direitos universais das crian\u00e7as, Gaza est\u00e1 testemunhando a morte de beb\u00eas em n\u00fameros nunca vistos desde a Segunda Guerra Mundial - um fracasso que revela as fraquezas da pr\u00f3pria declara\u00e7\u00e3o original.<\/h4>\n\n\n\n<p>Nos \u00faltimos dois meses, tenho assistido a um genoc\u00eddio que se desenrola no meu telefone, acima da cabe\u00e7a dos meus filhos que est\u00e3o dormindo. Duas noites atr\u00e1s, outra m\u00e3e - tamb\u00e9m com um beb\u00ea no colo - apareceu no meu feed do Instagram. Seu filho havia sido morto e, incr\u00e9dula, ela disse: \u2018mas eu tomei 520 inje\u00e7\u00f5es para t\u00ea-lo\u2019. Como pode a vida das crian\u00e7as, que no mundo moderno entendemos ser t\u00e3o preciosa a ponto de nos submetermos at\u00e9 mesmo aos mais invasivos tratamentos de fertilidade para cri\u00e1-las, ser t\u00e3o completamente dispens\u00e1vel? Como beb\u00eas prematuros, para os quais todas as vantagens da tecnologia m\u00e9dica foram mobilizadas, podem acabar em um ber\u00e7o de papel alum\u00ednio em um hospital sitiado? Vivemos em um mundo em que at\u00e9 mesmo a mais vulner\u00e1vel das crian\u00e7as pode ser salva, a mais improv\u00e1vel das vidas pode ser criada e, ainda assim, estamos testemunhando a morte de beb\u00eas em n\u00fameros nunca vistos desde a Segunda Guerra Mundial.<\/p>\n\n\n\n<p>Esse descaso com a vida das crian\u00e7as parece pertencer a um passado distante. J\u00e1 se passaram quase 100 anos desde que as necessidades das crian\u00e7as foram incorporadas ao centro da ordem internacional. Em 1924, a Declara\u00e7\u00e3o de Genebra dos Direitos da Crian\u00e7a foi formalmente adotada pela Liga das Na\u00e7\u00f5es. Redigida por uma coaliz\u00e3o de feministas brit\u00e2nicas brancas e de esquerda e promovida pela Save the Children, foi a primeira declara\u00e7\u00e3o de direitos civis internacionais a ser formalmente adotada por uma organiza\u00e7\u00e3o intergovernamental e, dessa forma, uma precursora da Declara\u00e7\u00e3o dos Direitos Humanos de 1948.<\/p>\n\n\n\n<p>A Declara\u00e7\u00e3o argumentava que as crian\u00e7as eram as primeiras a sofrer em tempos de guerra ou de dificuldades e que deveriam ser as primeiras a receber ajuda. Toda crian\u00e7a tinha direito a cuidados e ao \u2018desenvolvimento normal, tanto ps\u00edquica quanto espiritualmente\u2019. A Declara\u00e7\u00e3o deveria se aplicar a todas as crian\u00e7as, \u2018independentemente de ra\u00e7a, nacionalidade ou credo\u2019, mas traiu os preconceitos das feministas brancas que a redigiram. O valor das crian\u00e7as n\u00e3o era visto como inerente ou inato, mas, em vez disso, baseava-se no que a crian\u00e7a poderia dar \u00e0 sociedade quando crescesse. Todas as crian\u00e7as tinham direito ao trabalho e ao treinamento e, segundo a declara\u00e7\u00e3o, deveriam ser criadas \u2018com a consci\u00eancia de que seus talentos deveriam ser dedicados ao servi\u00e7o de seus semelhantes\u2019. Uma crian\u00e7a s\u00f3 tinha valor na medida em que pudesse \u2018retribuir\u2019 \u00e0 sociedade no futuro.<\/p>\n\n\n\n<p>Em 1937, as bombas nazistas arrasaram a cidade espanhola de Guernica. Inspirada pela Declara\u00e7\u00e3o dos Direitos da Crian\u00e7a, a indom\u00e1vel trabalhadora humanit\u00e1ria Fritzi Small imaginou que a prote\u00e7\u00e3o das crian\u00e7as agora deveria envolver afast\u00e1-las desse novo, mortal e indiscriminado bombardeio a\u00e9reo. Na Espanha, ela transmitiu mensagens entre generais de ambos os lados, conseguindo at\u00e9 mesmo uma audi\u00eancia com o General Franco, para garantir a evacua\u00e7\u00e3o em massa das crian\u00e7as espanholas. Essas evacua\u00e7\u00f5es se tornaram um modelo para as evacua\u00e7\u00f5es em massa de crian\u00e7as no Reino Unido durante a Blitz, apenas alguns anos depois.<\/p>\n\n\n\n<p>A Declara\u00e7\u00e3o dos Direitos da Crian\u00e7a inspirou as evacua\u00e7\u00f5es em massa que limitaram o n\u00famero de crian\u00e7as mortas na Segunda Guerra Mundial. Por\u00e9m, \u00e0 medida que os horrores do fascismo se espalharam pela Europa, os direitos da crian\u00e7a n\u00e3o protegeram igualmente todas as crian\u00e7as.<\/p>\n\n\n\n<p>As autoras feministas brancas da declara\u00e7\u00e3o dos direitos da crian\u00e7a sempre se sentiram inseguras com rela\u00e7\u00e3o \u00e0 posi\u00e7\u00e3o das crian\u00e7as com defici\u00eancia (que poderiam n\u00e3o dar retorno \u00e0 sociedade) e das crian\u00e7as refugiadas (que n\u00e3o tinham uma sociedade nacional \u00e0 qual dar retorno). Essas feministas humanit\u00e1rias flertaram com ideias eug\u00eanicas para descrever o que chamaram de \u2018os limites dos direitos da crian\u00e7a\u2019. Como o valor das crian\u00e7as n\u00e3o era inerente ou inato, cabia a cada Estado decidir quais crian\u00e7as ultrapassavam seus limites. As crian\u00e7as judias na Europa ocupada, destitu\u00eddas de cidadania, n\u00e3o eram consideradas valiosas por sua sociedade, ent\u00e3o o que fazer?<\/p>\n\n\n\n<p>Os autores da declara\u00e7\u00e3o dos direitos da crian\u00e7a nunca tentaram resolver esse quebra-cabe\u00e7a. Eles desviaram o olhar do destino das crian\u00e7as judias na Alemanha nazista. Em 1924, um funcion\u00e1rio da Save the Children n\u00e3o havia resolvido, mas pelo menos antecipado o quebra-cabe\u00e7a, quando uma c\u00f3pia da Declara\u00e7\u00e3o foi enviada a ele em um campo de refugiados em Sal\u00f4nica, na Gr\u00e9cia. Olhando para um mar de tendas e uma comunidade de pessoas que nenhuma na\u00e7\u00e3o reivindicaria como sua, ele disse que era \u2018imposs\u00edvel\u2019 ver como os direitos da crian\u00e7a poderiam funcionar para os ap\u00e1tridas.<\/p>\n\n\n\n<p>Depois que as Na\u00e7\u00f5es Unidas ratificaram a Declara\u00e7\u00e3o dos Direitos Humanos em 1948, Hannah Arendt ficou igualmente c\u00e9tica. Os novos direitos humanos que foram assegurados \u00e0s pessoas - liberdade, privacidade, trabalho, fam\u00edlia - s\u00f3 poderiam ser defendidos pelos estados-na\u00e7\u00e3o. Havia um \u2018direito de ter direitos\u2019 que s\u00f3 poderia ser conferido pela cidadania. Nos setenta e cinco anos desde que ela observou esse fato, as ag\u00eancias humanit\u00e1rias e as Na\u00e7\u00f5es Unidas tentaram preencher essas lacunas - fornecendo educa\u00e7\u00e3o em campos de refugiados, por exemplo - para pessoas que n\u00e3o t\u00eam o \u2018direito de ter direitos\u2019 conferido pela nacionalidade. Em casos raros, os Tribunais Criminais Internacionais processaram viola\u00e7\u00f5es de direitos humanos, e o Tribunal Europeu de Direitos Humanos forneceu um mecanismo para que as pessoas reivindicassem direitos humanos que lhes estavam sendo negados por seus pr\u00f3prios Estados. Isso nunca foi suficiente.<\/p>\n\n\n\n<p>Onde os direitos humanos falharam, as organiza\u00e7\u00f5es humanit\u00e1rias promoveram uma imagem das crian\u00e7as como sendo, de alguma forma, mais humanas, mais valiosas do que outras v\u00edtimas. Apelando para uma tradi\u00e7\u00e3o colonial de paternalismo, as organiza\u00e7\u00f5es de ajuda pediram aos doadores que se imaginassem n\u00e3o em uma rela\u00e7\u00e3o de igualdade com a crian\u00e7a que sofre, mas em uma rela\u00e7\u00e3o parental. A crian\u00e7a poderia ser mais facilmente imaginada como parente do que outro adulto, sobre o qual sua autoridade n\u00e3o seria autom\u00e1tica. Como n\u00e3o era preciso levar em conta a personalidade, a cultura, as ideias ou as opini\u00f5es das crian\u00e7as, as organiza\u00e7\u00f5es de ajuda podiam valoriz\u00e1-las com base em quem elas poderiam se tornar. Ao contr\u00e1rio dos adultos de sua comunidade - polu\u00eddos pela pobreza ou pela pol\u00edtica - elas poderiam crescer \u00e0 imagem de seus salvadores ocidentais.<\/p>\n\n\n\n<p>Penso todos os dias em um menino de cinco anos de idade chamado Iyad, que, na imagem divulgada por sua fam\u00edlia, estava fazendo a mesma pose de \u2018polegar para cima\u2019 que meu filho de quatro anos faz atualmente. Minha dor por ele \u00e9 apenas uma proje\u00e7\u00e3o do meu amor pelo meu filho ou por mim mesmo? Sua vida muito curta, encerrada por uma bomba em sua casa no campo de refugiados de Jabalia, \u00e9 tr\u00e1gica por causa das coisas que ele poderia ter se tornado? \u00c9 dessa forma que as reportagens da m\u00eddia geralmente apelam para nossa simpatia pelas crian\u00e7as que poderiam ter sido m\u00e9dicos, professores ou advogados. Eles geralmente se concentram no que as crian\u00e7as poderiam se tornar. Mas Iyad deveria ter tido o direito de simplesmente ser. Seu ser, e n\u00e3o seu tornar-se, deveria ser suficiente.<\/p>\n\n\n\n<p>Noventa e nove anos atr\u00e1s, o primeiro grupo de mulheres que proclamou os direitos das crian\u00e7as, que se esfor\u00e7ou para proteger as crian\u00e7as da guerra, estava interessado apenas em que elas se tornassem crian\u00e7as. As crian\u00e7as eram o futuro, e as crian\u00e7as cujo futuro elas n\u00e3o podiam prever eram abandonadas \u00e0 pr\u00f3pria sorte. Parece que n\u00e3o aprendemos nada. Os mares est\u00e3o subindo, comunidades inteiras est\u00e3o sendo dizimadas. Na Gr\u00e3-Bretanha, abandonamos as precau\u00e7\u00f5es de sa\u00fade p\u00fablica em favor do convencimento e do abandono dos idosos, deficientes e doentes \u00e0 pr\u00f3pria sorte em uma pandemia que ainda est\u00e1 em andamento. Em algumas das na\u00e7\u00f5es mais ricas do mundo, crian\u00e7as est\u00e3o morrendo de fome. Mais crian\u00e7as est\u00e3o vivendo sob bombas e bloqueios do que em qualquer outro momento desde 1945. Apesar dos cuidados m\u00e9dicos avan\u00e7ados, dos tratamentos de fertilidade e dos apelos humanit\u00e1rios que destacam a dor das inf\u00e2ncias devastadas pela guerra, talvez tenhamos come\u00e7ado a valorizar menos as crian\u00e7as.<\/p>\n\n\n\n<p>Os direitos das crian\u00e7as em Gaza n\u00e3o devem ser defendidos porque elas s\u00e3o&nbsp;<em>mais&nbsp;<\/em>n\u00e3o s\u00e3o mais dignos do que os adultos nem por causa dos adultos dignos que podem se tornar. Os direitos das crian\u00e7as em Gaza s\u00e3o importantes n\u00e3o porque elas podem ser como n\u00f3s, mas porque somos como elas: fr\u00e1geis, humanas e dependentes umas das outras para proteger nosso direito de ser.<\/p>\n\n\n\n<p>____<\/p>\n\n\n\n<p>Publicado originalmente em ingl\u00eas no <a href=\"https:\/\/tribunemag.co.uk\/2023\/12\/the-world-is-failing-palestinian-children\">Revista Tribune<\/a>.<\/p>\n\n\n\n<p><\/p>","protected":false},"excerpt":{"rendered":"<p>Almost a century after the first declaration of the universal rights of children, Gaza is witnessing infants dying in numbers unseen since the Second World War \u2014 a failure which betrays the weaknesses of the original declaration&nbsp;itself. For the last two months, I\u2019ve been witnessing a genocide unfolding on my phone, above the heads of [&hellip;]<\/p>\n","protected":false},"author":1,"featured_media":0,"comment_status":"open","ping_status":"closed","sticky":false,"template":"","format":"standard","meta":{"author-name":"Emily Baughan","choose-language":"EN","wds_primary_category":36,"wds_primary_alameda-themes":0,"wds_primary_projects":0,"wds_primary_dynamic-publications-cat":0,"wds_primary_type-tax":0,"footnotes":""},"categories":[36],"tags":[41,146,22,71],"alameda-themes":[],"projects":[],"dynamic-publications-cat":[],"type-tax":[55,56,60],"class_list":["post-8472","post","type-post","status-publish","format-standard","hentry","category-type-article","tag-children","tag-emily-baughan","tag-en","tag-publishing","type-tax-displacement","type-tax-geopolitics","type-tax-humanitarian-paradox"],"_links":{"self":[{"href":"https:\/\/alameda.institute\/pt\/wp-json\/wp\/v2\/posts\/8472","targetHints":{"allow":["GET"]}}],"collection":[{"href":"https:\/\/alameda.institute\/pt\/wp-json\/wp\/v2\/posts"}],"about":[{"href":"https:\/\/alameda.institute\/pt\/wp-json\/wp\/v2\/types\/post"}],"author":[{"embeddable":true,"href":"https:\/\/alameda.institute\/pt\/wp-json\/wp\/v2\/users\/1"}],"replies":[{"embeddable":true,"href":"https:\/\/alameda.institute\/pt\/wp-json\/wp\/v2\/comments?post=8472"}],"version-history":[{"count":4,"href":"https:\/\/alameda.institute\/pt\/wp-json\/wp\/v2\/posts\/8472\/revisions"}],"predecessor-version":[{"id":22177,"href":"https:\/\/alameda.institute\/pt\/wp-json\/wp\/v2\/posts\/8472\/revisions\/22177"}],"wp:attachment":[{"href":"https:\/\/alameda.institute\/pt\/wp-json\/wp\/v2\/media?parent=8472"}],"wp:term":[{"taxonomy":"category","embeddable":true,"href":"https:\/\/alameda.institute\/pt\/wp-json\/wp\/v2\/categories?post=8472"},{"taxonomy":"post_tag","embeddable":true,"href":"https:\/\/alameda.institute\/pt\/wp-json\/wp\/v2\/tags?post=8472"},{"taxonomy":"alameda-themes","embeddable":true,"href":"https:\/\/alameda.institute\/pt\/wp-json\/wp\/v2\/alameda-themes?post=8472"},{"taxonomy":"projects","embeddable":true,"href":"https:\/\/alameda.institute\/pt\/wp-json\/wp\/v2\/projects?post=8472"},{"taxonomy":"dynamic-publications-cat","embeddable":true,"href":"https:\/\/alameda.institute\/pt\/wp-json\/wp\/v2\/dynamic-publications-cat?post=8472"},{"taxonomy":"type-tax","embeddable":true,"href":"https:\/\/alameda.institute\/pt\/wp-json\/wp\/v2\/type-tax?post=8472"}],"curies":[{"name":"wp","href":"https:\/\/api.w.org\/{rel}","templated":true}]}}